{"id":409,"date":"2016-05-21T14:13:46","date_gmt":"2016-05-21T13:13:46","guid":{"rendered":"http:\/\/2016.ostravskamuzejninoc.cz\/subdom\/2016\/?p=409"},"modified":"2016-05-26T15:39:34","modified_gmt":"2016-05-26T14:39:34","slug":"polski-landek-park","status":"publish","type":"post","link":"https:\/\/2016.ostravskamuzejninoc.cz\/pl\/polski-landek-park\/","title":{"rendered":"Landek Park"},"content":{"rendered":"<p><\/p>\n<h1>Landek Park <img loading=\"lazy\" class=\"alignright wp-image-541 size-full\" src=\"https:\/\/2013.ostravskamuzejninoc.cz\/wp-content\/uploads\/2013\/05\/logo_LANDEKPARK.png\" alt=\"logo_LANDEKPARK\" width=\"183\" height=\"167\" \/><\/h1>\n<h5>18.00\u201324.00<\/h5>\n<h3>Landek Park z najwi\u0119ksz\u0105 ekspozycj\u0105 o kopalniach w Republice Czeskiej.<\/h3>\n<p>Przedstawiamy unikatow\u0105 kolekcj\u0119 apart\u00f3w do oddychania od 1883 roku do dnia dzisiejszego. Do\u015bwiadczeni ratownicy g\u00f3rniczy zapoznaj\u0105 zwiedzaj\u0105cych z technologiami oraz swoimi prze\u017cyciami poczas akcji ratunkowych prowadzonych pod ziemi\u0105. Cz\u0119\u015bci\u0105 trasy jest tak\u017ce lapidarium ci\u0119\u017ckiej techniki wydobywczej. Ostatnia grupa rozpoczyna zwiedzanie o godzinie 23.<\/p>\n<h5>18.00\u201324.00<\/h5>\n<h3>Ekspozycja g\u00f3rnicza ze zjazdem do kopalni w oryginalnym d\u017awigu szybowym (windzie g\u00f3rniczej)<\/h3>\n<p>Zwiedzaj\u0105cy prze\u017cyje na w\u0142asnej sk\u00f3rze to, co czuje g\u00f3rnik od momentu przyj\u015bcia na kopalni\u0119, a to od przebrania si\u0119 w zabytkowych \u0142a\u0144cuchowych\u00a0 szatniach, autentycznego zjazdu w d\u00f3\u0142 &#8211; jak na dzia\u0142aj\u0105cej kopalni &#8211; a\u017c po wypraw\u0119 na miejsce wyr\u0119bu. Zwiedzaj\u0105cy mo\u017ce tak\u017ce w pobli\u017cu szybu wypr\u00f3bowa\u0107 jazdy w oryginalnych w\u00f3zkach przeznaczonych do przewozu os\u00f3b kolejki ci\u0105gnionej przez kopalnian\u0105 lokomotyw\u0119. Na odcinku 250 m kopalnianych korytarzy do\u015bwiadczeni g\u00f3rnicy, jako przewodnicy, przedstawi\u0105 Pa\u0144stwu\u00a0 ci\u0119\u017ck\u0105 prac\u0119 na dole \u0142\u0105cznie z pokazem pracy wydobywania r\u0119cznego i kombajnem \u015bciennym. Ostatnia grupa rozpoczyna zwiedzanie o godzinie 23.<\/p>\n<h5>Kontakt<\/h5>\n<p>Landek Park<br \/>\nPod Landekem 64, 725 29 Ostrava-Pet\u0159kovice<br \/>\nE-mail: <a href=\"mailto:landekpark@vitkovice.cz\">landekpark@vitkovice.cz<\/a><br \/>\nWeb: <a href=\"https:\/\/www.landekpark.cz\/\" target=\"_blank\">www.landekpark.cz<\/a><br \/>\nTel.: 602\u00a0532\u00a0414<\/p>\n<p><a href=\"https:\/\/2016.ostravskamuzejninoc.cz\/subdom\/2016\/wp-content\/uploads\/2016\/05\/landek_park_foto.jpg\"><img loading=\"lazy\" class=\"alignnone wp-image-412 size-medium\" src=\"https:\/\/2016.ostravskamuzejninoc.cz\/\/wp-content\/uploads\/2016\/05\/landek_park_foto-300x200.jpg\" alt=\"landek_park_foto\" width=\"300\" height=\"200\" srcset=\"https:\/\/2016.ostravskamuzejninoc.cz\/wp-content\/uploads\/2016\/05\/landek_park_foto-300x200.jpg 300w, https:\/\/2016.ostravskamuzejninoc.cz\/wp-content\/uploads\/2016\/05\/landek_park_foto-768x512.jpg 768w, https:\/\/2016.ostravskamuzejninoc.cz\/wp-content\/uploads\/2016\/05\/landek_park_foto-390x260.jpg 390w, https:\/\/2016.ostravskamuzejninoc.cz\/wp-content\/uploads\/2016\/05\/landek_park_foto-520x346.jpg 520w, https:\/\/2016.ostravskamuzejninoc.cz\/wp-content\/uploads\/2016\/05\/landek_park_foto-740x493.jpg 740w, https:\/\/2016.ostravskamuzejninoc.cz\/wp-content\/uploads\/2016\/05\/landek_park_foto.jpg 800w\" sizes=\"(max-width: 300px) 100vw, 300px\" \/><\/a><\/p>","protected":false},"excerpt":{"rendered":"<p>Landek Park 18.00\u201324.00 Landek Park z najwi\u0119ksz\u0105 ekspozycj\u0105<a class=\"read-more\" href=\"https:\/\/2016.ostravskamuzejninoc.cz\/pl\/polski-landek-park\/\">Pokra\u010dovat<\/a><\/p>\n","protected":false},"author":1,"featured_media":411,"comment_status":"closed","ping_status":"closed","sticky":false,"template":"","format":"standard","meta":[],"categories":[2],"tags":[],"_links":{"self":[{"href":"https:\/\/2016.ostravskamuzejninoc.cz\/pl\/wp-json\/wp\/v2\/posts\/409"}],"collection":[{"href":"https:\/\/2016.ostravskamuzejninoc.cz\/pl\/wp-json\/wp\/v2\/posts"}],"about":[{"href":"https:\/\/2016.ostravskamuzejninoc.cz\/pl\/wp-json\/wp\/v2\/types\/post"}],"author":[{"embeddable":true,"href":"https:\/\/2016.ostravskamuzejninoc.cz\/pl\/wp-json\/wp\/v2\/users\/1"}],"replies":[{"embeddable":true,"href":"https:\/\/2016.ostravskamuzejninoc.cz\/pl\/wp-json\/wp\/v2\/comments?post=409"}],"version-history":[{"count":5,"href":"https:\/\/2016.ostravskamuzejninoc.cz\/pl\/wp-json\/wp\/v2\/posts\/409\/revisions"}],"predecessor-version":[{"id":417,"href":"https:\/\/2016.ostravskamuzejninoc.cz\/pl\/wp-json\/wp\/v2\/posts\/409\/revisions\/417"}],"wp:featuredmedia":[{"embeddable":true,"href":"https:\/\/2016.ostravskamuzejninoc.cz\/pl\/wp-json\/wp\/v2\/media\/411"}],"wp:attachment":[{"href":"https:\/\/2016.ostravskamuzejninoc.cz\/pl\/wp-json\/wp\/v2\/media?parent=409"}],"wp:term":[{"taxonomy":"category","embeddable":true,"href":"https:\/\/2016.ostravskamuzejninoc.cz\/pl\/wp-json\/wp\/v2\/categories?post=409"},{"taxonomy":"post_tag","embeddable":true,"href":"https:\/\/2016.ostravskamuzejninoc.cz\/pl\/wp-json\/wp\/v2\/tags?post=409"}],"curies":[{"name":"wp","href":"https:\/\/api.w.org\/{rel}","templated":true}]}}