{"id":36,"date":"2016-05-25T10:24:44","date_gmt":"2016-05-25T09:24:44","guid":{"rendered":"http:\/\/2016.ostravskamuzejninoc.cz\/subdom\/2016\/?p=36"},"modified":"2016-06-06T19:07:29","modified_gmt":"2016-06-06T18:07:29","slug":"galerie-vytvarneho-umeni-v-ostrave","status":"publish","type":"post","link":"https:\/\/2016.ostravskamuzejninoc.cz\/pl\/galerie-vytvarneho-umeni-v-ostrave\/","title":{"rendered":"Galeria Sztuk Plastycznych w Ostrawie"},"content":{"rendered":"<p><\/p>\n<h1>Galeria Sztuk Plastycznych w Ostrawie, organizacja bud\u017cetowa<img loading=\"lazy\" class=\"alignright wp-image-128 size-full\" src=\"https:\/\/2013.ostravskamuzejninoc.cz\/wp-content\/uploads\/2013\/04\/logo_gvuo.png\" alt=\"logo_gvuo\" width=\"300\" height=\"119\" \/><\/h1>\n<div id=\"art-main\">\n<div id=\"art-main\">\n<h5 class=\"art-postcontent\">17.00\u201324.00<\/h5>\n<h3 class=\"art-postcontent\">Lu\u00edz Fernand\u00e9z Cordova &amp; Roda \u2013 Casas<\/h3>\n<h3 class=\"art-postcontent\">Eduard Ov\u010d\u00e1\u010dek \/ Grafika <strong>to<\/strong> dar III.<\/h3>\n<div class=\"art-postcontent\">\n<h3><strong>Mistrzowskie dzie\u0142a sztuki europejskiej<\/strong><\/h3>\n<p>Indywidualne zwiedzanie wystaw.<\/p>\n<\/div>\n<\/div>\n<h5 class=\"art-postcontent\">17.00\u201322.00<\/h5>\n<h3 class=\"art-postcontent\"><strong>Otwarte warsztaty GVUO<\/strong><\/h3>\n<h5 class=\"art-postcontent\">17.00\u201318.00<\/h5>\n<h3 class=\"art-postcontent\">Czar b\u0119bn\u00f3w<\/h3>\n<p>Wsp\u00f3lny kr\u0105g b\u0119bni\u0105cych , Daniel a Michaela Plech\u00e1\u010dkowi (centrum Muzykogranie). W tw\u00f3rczym kr\u0119gu b\u0119bn\u00f3w prze\u017cyjemy wsp\u00f3lny rytm, kt\u00f3ry relaksuje, nape\u0142nia, przynosi r\u00f3wnowag\u0119 cia\u0142u i my\u015bli.<\/p>\n<h5 class=\"art-postcontent\">17.00\u201320.00<\/h5>\n<h3 class=\"art-postcontent\">Pracownia graficzna<\/h3>\n<h5 class=\"art-postcontent\">17.00\u201322.00<\/h5>\n<h3 class=\"art-postcontent\">Na nitce<\/h3>\n<p>Tw\u00f3rczo\u015b\u0107 dla wszystkich.<\/p>\n<h5 class=\"art-postcontent\">17.30\u201317.35<\/h5>\n<h3 class=\"art-postcontent\">Przedstawienie mima<\/h3>\n<p>Wyst\u0119p Aleny Tomisovej.<\/p>\n<h5 class=\"art-postcontent\">17.30\u201320.00<\/h5>\n<h3 class=\"art-postcontent\">Warsztaty tworzenia znaczk\u00f3w metalowych<\/h3>\n<p>Cena jest 10 koron za sztuk\u0119.<\/p>\n<h5 class=\"art-postcontent\">18.00\u201318.30<\/h5>\n<h3><strong>Przedstawienie taneczno-ruchowe<\/strong><\/h3>\n<p>Z \u017cyw\u0105 muzyk\u0105 towarzysz\u0105c\u0105 wyst\u0105pi Barbora Barteck\u00e1.<\/p>\n<h5 class=\"art-postcontent\">18.30\u201319.00<\/h5>\n<h3 class=\"art-postcontent\">\u201eZapach, smak, melodia\u201c<\/h3>\n<p>Przedstawienie\u00a0 Aleny Tomisovej<\/p>\n<h5 class=\"art-postcontent\">19.15\u201319.35<\/h5>\n<h3 class=\"art-postcontent\">Unisono<\/h3>\n<p>Wyst\u0119p baletowy Podstawowej Szko\u0142y Artystycznej Eduardy Runda.<\/p>\n<h5 class=\"art-postcontent\">20.00\u201321.30<\/h5>\n<h3 class=\"art-postcontent\">Sztuka na us\u0142ugach Karola IV<\/h3>\n<p>Prelekcja Marka Z\u00e1gory.<\/p>\n<h5>21.00, 22.00, 23.00<\/h5>\n<h3>Workshop Malowanie \u015bwiat\u0142em<\/h3>\n<p>Malowanie \u015bwiat\u0142em to zabawa dla ka\u017cdego, kto chce opanowa\u0107\u00a0 nieprawdopodobne efekty fotograficzne. Za pomoc\u0105 \u015bwiate\u0142 b\u0119d\u0105 Pa\u0144stwo malowa\u0107 dowolne obrazy czy formy, kt\u00f3re na zdj\u0119ciach zostaw\u0105 \u015blady podobne do malarskiego p\u0119dzla.<\/p>\n<p>Warsztaty poprowadzi czeski tw\u00f3rca sztuki wizualnej Ond\u0159ej Chmel. Uczestnicy s\u0105 proszeni o przyniesienie w\u0142asnego aparatu fotograficznego czy te\u017c kom\u00f3rki z funkcj\u0105 \u201cd\u0142ugi czas ekspozycji\u201d (wystarczy jeden aparat na dwoje czy ma\u0142\u0105 grup\u0119).<\/p>\n<p>Istnieje konieczno\u015b\u0107 zarezerwowania miejsca na stronach webowych akcji <a href=\"https:\/\/www.ostravskamuzejninoc.cz\/\">www.ostravskamuzejninoc.cz<\/a><\/p>\n<h5 class=\"art-postcontent\">22.00\u201323.00<\/h5>\n<h3>Flamenco &amp; Latino koncert<\/h3>\n<p>Hana Iridiani \u2013 \u015bpiew, Ad\u00e1n S\u00e1nchez \u2013 Caro gitara, Mateo Garriga \u2013 Caj\u00f3n.<\/p>\n<p>Bufet w kawiarni na tarasie<\/p>\n<\/div>\n<h5>Kontakt:<\/h5>\n<p>Galerie v\u00fdtvarn\u00e9ho um\u011bn\u00ed v Ostrav\u011b<\/p>\n<p>D\u016fm um\u011bn\u00ed<br \/>\nJure\u010dkova 9, 702 00 Ostrava<br \/>\nE-mail: <a href=\"mailto:info@gvuo.cz\">info@gvuo.cz<\/a><br \/>\nWeb: <a href=\"https:\/\/www.gvuo.cz\/\" target=\"_blank\">www.gvuo.cz<\/a><br \/>\nTel.: +420 596 112 566, +420 596 115 425<\/p>\n<p><a href=\"https:\/\/2016.ostravskamuzejninoc.cz\/subdom\/2016\/wp-content\/uploads\/2016\/05\/gvuo_budova.jpg\"><img loading=\"lazy\" class=\"alignleft wp-image-47 size-full\" src=\"https:\/\/2016.ostravskamuzejninoc.cz\/\/wp-content\/uploads\/2016\/05\/gvuo_budova.jpg\" alt=\"gvuo_budova\" width=\"270\" height=\"180\" \/><\/a><\/p>","protected":false},"excerpt":{"rendered":"<p>Galeria Sztuk Plastycznych w Ostrawie, organizacja bud\u017cetowa 17.00\u201324.00<a class=\"read-more\" href=\"https:\/\/2016.ostravskamuzejninoc.cz\/pl\/galerie-vytvarneho-umeni-v-ostrave\/\">Pokra\u010dovat<\/a><\/p>\n","protected":false},"author":1,"featured_media":41,"comment_status":"closed","ping_status":"closed","sticky":false,"template":"","format":"standard","meta":[],"categories":[2],"tags":[],"_links":{"self":[{"href":"https:\/\/2016.ostravskamuzejninoc.cz\/pl\/wp-json\/wp\/v2\/posts\/36"}],"collection":[{"href":"https:\/\/2016.ostravskamuzejninoc.cz\/pl\/wp-json\/wp\/v2\/posts"}],"about":[{"href":"https:\/\/2016.ostravskamuzejninoc.cz\/pl\/wp-json\/wp\/v2\/types\/post"}],"author":[{"embeddable":true,"href":"https:\/\/2016.ostravskamuzejninoc.cz\/pl\/wp-json\/wp\/v2\/users\/1"}],"replies":[{"embeddable":true,"href":"https:\/\/2016.ostravskamuzejninoc.cz\/pl\/wp-json\/wp\/v2\/comments?post=36"}],"version-history":[{"count":23,"href":"https:\/\/2016.ostravskamuzejninoc.cz\/pl\/wp-json\/wp\/v2\/posts\/36\/revisions"}],"predecessor-version":[{"id":599,"href":"https:\/\/2016.ostravskamuzejninoc.cz\/pl\/wp-json\/wp\/v2\/posts\/36\/revisions\/599"}],"wp:featuredmedia":[{"embeddable":true,"href":"https:\/\/2016.ostravskamuzejninoc.cz\/pl\/wp-json\/wp\/v2\/media\/41"}],"wp:attachment":[{"href":"https:\/\/2016.ostravskamuzejninoc.cz\/pl\/wp-json\/wp\/v2\/media?parent=36"}],"wp:term":[{"taxonomy":"category","embeddable":true,"href":"https:\/\/2016.ostravskamuzejninoc.cz\/pl\/wp-json\/wp\/v2\/categories?post=36"},{"taxonomy":"post_tag","embeddable":true,"href":"https:\/\/2016.ostravskamuzejninoc.cz\/pl\/wp-json\/wp\/v2\/tags?post=36"}],"curies":[{"name":"wp","href":"https:\/\/api.w.org\/{rel}","templated":true}]}}