{"id":296,"date":"2016-05-22T14:55:17","date_gmt":"2016-05-22T13:55:17","guid":{"rendered":"http:\/\/2016.ostravskamuzejninoc.cz\/subdom\/2016\/?p=296"},"modified":"2016-06-06T19:41:22","modified_gmt":"2016-06-06T18:41:22","slug":"knihovna-mesta-ostravy","status":"publish","type":"post","link":"https:\/\/2016.ostravskamuzejninoc.cz\/pl\/knihovna-mesta-ostravy\/","title":{"rendered":"Biblioteka Miasta Ostrawy"},"content":{"rendered":"<p><\/p>\n<h2><img loading=\"lazy\" class=\"alignright wp-image-501 size-medium\" src=\"https:\/\/2015.ostravskamuzejninoc.cz\/wp-content\/uploads\/2015\/04\/logo_kmo_slogan-300x65.png\" alt=\"logo_kmo_slogan\" width=\"300\" height=\"65\" \/><\/h2>\n<h1>Biblioteka Miasta Ostrawy, organizacja bud\u017cetowa<\/h1>\n<h5>17.00\u201321.30<\/h5>\n<h3>Bibliotecznej nocy sen\u2026 (poszczeg\u00f3lne oddzia\u0142y centrali biblioteki)<\/h3>\n<p>Raczcie wej\u015b\u0107 do czarodziejskiego lasu, gdzie sen staje si\u0119 rzeczywisto\u015bci\u0105, a rzeczywisto\u015b\u0107 tylko snem, albo na chwil\u0119 wcielcie si\u0119 w poet\u0119 i szczelin\u0105 w czasie przesu\u0144cie si\u0119 do dawnych czas\u00f3w bohaterskich Grek\u00f3w i pi\u0119knych pa\u0144. Czeka na Pa\u0144stwa tak\u017ce \u015bcie\u017cka pe\u0142na przyg\u00f3d w piwnicach pe\u0142nych ksi\u0105\u017cek, kt\u00f3re otwieraj\u0105 si\u0119 tylko w t\u0119 noc! Czy przyjdzie czas i na s\u0142ynn\u0105 scen\u0119 balkonow\u0105?\u00a0 Shakespearowska noc w bibliotece b\u0119dzie po prostu pe\u0142na zaskakuj\u0105cych niespodzianek, konkurs\u00f3w, gier i zabaw dla dzieci i doros\u0142ych na powa\u017cnie i na weso\u0142o.<\/p>\n<h5>17.00\u201322.00<\/h5>\n<h3>Jak si\u0119 wam podoba\u2026 (sala g\u0142\u00f3wna BMO)<\/h3>\n<p>Nietradycyjny muzyczny i teatralny korow\u00f3d, mog\u0105 si\u0119 Pa\u0144stwo cieszy\u0107 na dobry folk i atrakcyjny teatr:<\/p>\n<h5>17.15\u201317.45<\/h5>\n<h3>Teatr Net\u0159esk i Ji\u0159\u00ed Neduha<\/h3>\n<h5>18.00\u201318.45<\/h5>\n<h3>Teatr Dodivadlo Dobroslavice<\/h3>\n<h5>19.15\u201319.45<\/h5>\n<h3>Luna \u2013 Grupa Kobiet graj\u0105cych na b\u0119bnach<\/h3>\n<h5>19.50\u201322.00<\/h5>\n<h3>Otwarta scena piosenkarska.\u00a0 Open Mic Ostrava z go\u015bciem wieczoru\u00a0 Ivo Cicv\u00e1rkem<\/h3>\n<h5>17.00\u201320.00<\/h5>\n<h3>The Globe \u2013 Smaki ca\u0142ego \u015bwiata (pasa\u017c centrali BMO)<\/h3>\n<p>Pasa\u017c umo\u017cliwi podr\u00f3\u017c mi\u0119dzy kulturami. Zapraszamy do poznania r\u00f3\u017cnych kraj\u00f3w i narod\u00f3w, ich kultury, obyczaj\u00f3w i tradycji. Spr\u00f3bujcie ich kuchni!<\/p>\n<h5>18.00 i 20.00<\/h5>\n<h3>Pe\u0142ne zagadek \u017cycie Williama Shakespeara (sala studyjna centrali BMO)<\/h3>\n<p>Prelekcja o otoczonym tajemnic\u0105 \u017cyciu i dziele \u015bwiatowej s\u0142awy poety i dramaturga W.\u00a0Shakespeara. Prelegent Bohdan Volejn\u00ed\u010dek alias BoboKing, uzupe\u0142nione o fragmenty ksi\u0105\u017cek i film\u00f3w.<\/p>\n<h5>17.00\u201322.00<\/h5>\n<h3>Tradycyjnie i nietradycyjnie, w ka\u017cdym przypadku dramatycznie! (poszczeg\u00f3lne oddzia\u0142y centrali\u00a0BMO)<\/h3>\n<p>Oczywi\u015bcie zaoferujemy Pa\u0144stwu ju\u017c tradycyjne us\u0142ugi biblioteki nie tylko, \u017ce w nietradycyjnym czasie, ale i odzie\u017cy.<\/p>\n<p>&nbsp;<\/p>\n<p>Akcja b\u0119dzie przebiega\u0107 tylko w centralnyym budynku\u00a0 BMO (ul. 28. \u0159\u00edjna 2). Wsp\u00f3\u0142pracujemy z Centrum wspierania integracji cudzoziemc\u00f3w wojew\u00f3dzwa Morawsko-\u015bl\u0105skiego. Wi\u0119cej informacji znajd\u0105 Pa\u0144stwo na webie BMO.<\/p>\n<h5>Kontakt<\/h5>\n<p>Knihovna m\u011bsta Ostravy<br \/>\nAdresa: 28. \u0159\u00edjna 2, 702 00 Ostrava<br \/>\nE-mail: <a href=\"mailto:kmo@kmo.cz\">kmo@kmo.cz<\/a><br \/>\nWeb: <a href=\"https:\/\/www.kmo.cz\/\" target=\"_blank\">www.kmo.cz<\/a><br \/>\nTel.: 599 522 611<\/p>","protected":false},"excerpt":{"rendered":"<p>Biblioteka Miasta Ostrawy, organizacja bud\u017cetowa 17.00\u201321.30 Bibliotecznej nocy<a class=\"read-more\" href=\"https:\/\/2016.ostravskamuzejninoc.cz\/pl\/knihovna-mesta-ostravy\/\">Pokra\u010dovat<\/a><\/p>\n","protected":false},"author":1,"featured_media":300,"comment_status":"closed","ping_status":"closed","sticky":false,"template":"","format":"standard","meta":[],"categories":[2],"tags":[],"_links":{"self":[{"href":"https:\/\/2016.ostravskamuzejninoc.cz\/pl\/wp-json\/wp\/v2\/posts\/296"}],"collection":[{"href":"https:\/\/2016.ostravskamuzejninoc.cz\/pl\/wp-json\/wp\/v2\/posts"}],"about":[{"href":"https:\/\/2016.ostravskamuzejninoc.cz\/pl\/wp-json\/wp\/v2\/types\/post"}],"author":[{"embeddable":true,"href":"https:\/\/2016.ostravskamuzejninoc.cz\/pl\/wp-json\/wp\/v2\/users\/1"}],"replies":[{"embeddable":true,"href":"https:\/\/2016.ostravskamuzejninoc.cz\/pl\/wp-json\/wp\/v2\/comments?post=296"}],"version-history":[{"count":10,"href":"https:\/\/2016.ostravskamuzejninoc.cz\/pl\/wp-json\/wp\/v2\/posts\/296\/revisions"}],"predecessor-version":[{"id":616,"href":"https:\/\/2016.ostravskamuzejninoc.cz\/pl\/wp-json\/wp\/v2\/posts\/296\/revisions\/616"}],"wp:featuredmedia":[{"embeddable":true,"href":"https:\/\/2016.ostravskamuzejninoc.cz\/pl\/wp-json\/wp\/v2\/media\/300"}],"wp:attachment":[{"href":"https:\/\/2016.ostravskamuzejninoc.cz\/pl\/wp-json\/wp\/v2\/media?parent=296"}],"wp:term":[{"taxonomy":"category","embeddable":true,"href":"https:\/\/2016.ostravskamuzejninoc.cz\/pl\/wp-json\/wp\/v2\/categories?post=296"},{"taxonomy":"post_tag","embeddable":true,"href":"https:\/\/2016.ostravskamuzejninoc.cz\/pl\/wp-json\/wp\/v2\/tags?post=296"}],"curies":[{"name":"wp","href":"https:\/\/api.w.org\/{rel}","templated":true}]}}