{"id":18,"date":"2016-05-26T09:44:49","date_gmt":"2016-05-26T08:44:49","guid":{"rendered":"http:\/\/2016.ostravskamuzejninoc.cz\/subdom\/2016\/?p=18"},"modified":"2016-06-06T19:01:33","modified_gmt":"2016-06-06T18:01:33","slug":"ostravske-muzeum","status":"publish","type":"post","link":"https:\/\/2016.ostravskamuzejninoc.cz\/pl\/ostravske-muzeum\/","title":{"rendered":"Ostrawskie Muzeum"},"content":{"rendered":"<p><\/p>\n<div id=\"art-main\">\n<div class=\"art-box art-sheet\">\n<div class=\"art-box-body art-sheet-body\">\n<div class=\"art-layout-wrapper\">\n<div class=\"art-content-layout\">\n<div class=\"art-content-layout-row\">\n<div class=\"art-layout-cell art-content\">\n<div id=\"post-30\" class=\"art-box art-post post-30 page type-page status-publish hentry\">\n<div class=\"art-box-body art-post-body\">\n<div class=\"art-post-inner art-article\">\n<div class=\"art-postcontent\">\n<table class=\"alignleft\" border=\"0\" width=\"700\" cellspacing=\"0\" cellpadding=\"0\">\n<tbody>\n<tr>\n<td valign=\"top\" width=\"380\">\n<h1>Ostrawskie Muzeum,<br \/>\nogranizacja bud\u017cetowa<\/h1>\n<h5>17.00\u201321.00<\/h5>\n<h3>Guzikowa mania<\/h3>\n<p>Mark\u00e9ta Jare\u0161ov\u00e1 prowadzi warsztaty tw\u00f3rcze dla dzieci i doros\u0142ych.<\/p>\n<h5>17.00\u201321.00<\/h5>\n<h3>Facepainting<\/h3>\n<p>Malowanie twarzy z\u00a0Krist\u00fdnou Buchtovou.<\/p>\n<h5>17.00\u201323.00<\/h5>\n<h3>Zwiedzanie wystaw i ekspozycji sta\u0142ych<\/h3>\n<h5>Wystawa<\/h5>\n<p>Drogi przypraw i ro\u015blin u\u017cytkowych do centr\u00f3w rozwini\u0119tych cywilizacji.<\/p>\n<h5>Ekspozycja<\/h5>\n<p>Zbiory z\u00a0zakresu historii sztuki, historii Ostrawy, archeologii, paleontologii i geologii, mineralogii, przyrody i teren\u00f3w dooko\u0142a Ostrawy, etnografia i historia g\u00f3rnictwa<\/p>\n<h5>Galeria Lauby<\/h5>\n<h3><strong>Matej Al-Ali: Materialne zainteresowanie<\/strong><\/h3>\n<p>Mechaniczny scenariusz, pokazuj\u0105cy w kontek\u015bcie destrukcj\u0119 rze\u017aby i sporz\u0105dzenie wideo.<\/p>\n<p>&nbsp;<\/p>\n<p>Mo\u017cliwo\u015b\u0107 skorzystania z\u00a0restauracji Pod muzeem.<\/p>\n<p>&nbsp;<\/p>\n<h5>17.00\u201323.00<\/h5>\n<h3>Otwarcie punktu widokowego na wie\u017cy Starego Ratusza<\/h3>\n<p>Cena wej\u015bci\u00f3wki 20 koron. Ze wzgl\u0119d\u00f3w bezpiecze\u0144stwa liczba os\u00f3b w grupie jest ograniczona do 10. Dzi\u0119kujemy za wyrozumia\u0142o\u015b\u0107.<\/p>\n<p>&nbsp;<\/p>\n<h3>Go\u015bciem\u00a0 wieczoru festiwalowego\u00a0 w Ostrawskim Muzeum jest <strong>D\u016fl architektury, z.s., Hav\u00ed\u0159ov,<\/strong> ( Kopalnia Architektury z\u00a0Hawierzowa), kt\u00f3ry dla zwiedzaj\u0105cych przygotowa\u0142 prelekcje, warsztaty i prezentacje o zabytkach architektonicznych niedalekiego miasta Hawierzowa.<\/h3>\n<h5>17.30\u201317.50<\/h5>\n<h3>Hawierzowski dworzec kolejowy i jego artystyczne zdobnictwo<\/h3>\n<p>Szklana mozaika Vladim\u00edra Kopeck\u00e9ho. Prelekcja Mgr. Marcely Gavendov\u00e9.<\/p>\n<h5>18.00\u201319.00<\/h5>\n<h3>Walka o dworzec kolejowy w Hawierzowie<\/h3>\n<p>Prelekcja in\u017c. arch. Adama Guzdka. Po jej zako\u0144czeniu zach\u0119camy do dyskusji.<\/p>\n<h5>20.00\u201320.30<\/h5>\n<h3>Miroslav T\u00f3th: Koncert na wiolonczel\u0119<\/h3>\n<p>Wykonanie: Andrej Gal.<\/p>\n<h5>21.00\u201322.00<\/h5>\n<h3>Walka o dworzec kolejowy w Hawierzowie<\/h3>\n<p>Prelekcja in\u017c. arch. Adama Guzdka. Po jej zako\u0144czeniu zach\u0119camy do dyskusji.<\/p>\n<p>&nbsp;<\/p>\n<h2>Kontakt:<\/h2>\n<p>Masarykovo n\u00e1m\u011bst\u00ed 1, 728 41 Ostrava<br \/>\nE-mail: <a href=\"mailto:muzeum@ostrmuz.cz\">muzeum@ostrmuz.cz<br \/>\n<\/a> Web: <a href=\"https:\/\/www.ostrmuz.cz\/\" target=\"_blank\">https:\/\/www.ostrmuz.cz<\/a><br \/>\nTel.: +420 597 578 450, +420 596 123 7<\/td>\n<\/tr>\n<\/tbody>\n<\/table>\n<\/div>\n<\/div>\n<\/div>\n<\/div>\n<\/div>\n<\/div>\n<\/div>\n<\/div>\n<\/div>\n<\/div>\n<\/div>\n<p><\/p>","protected":false},"excerpt":{"rendered":"<p>Ostrawskie Muzeum, ogranizacja bud\u017cetowa 17.00\u201321.00 Guzikowa mania Mark\u00e9ta<a class=\"read-more\" href=\"https:\/\/2016.ostravskamuzejninoc.cz\/pl\/ostravske-muzeum\/\">Pokra\u010dovat<\/a><\/p>\n","protected":false},"author":1,"featured_media":19,"comment_status":"closed","ping_status":"closed","sticky":false,"template":"","format":"standard","meta":[],"categories":[2],"tags":[],"_links":{"self":[{"href":"https:\/\/2016.ostravskamuzejninoc.cz\/pl\/wp-json\/wp\/v2\/posts\/18"}],"collection":[{"href":"https:\/\/2016.ostravskamuzejninoc.cz\/pl\/wp-json\/wp\/v2\/posts"}],"about":[{"href":"https:\/\/2016.ostravskamuzejninoc.cz\/pl\/wp-json\/wp\/v2\/types\/post"}],"author":[{"embeddable":true,"href":"https:\/\/2016.ostravskamuzejninoc.cz\/pl\/wp-json\/wp\/v2\/users\/1"}],"replies":[{"embeddable":true,"href":"https:\/\/2016.ostravskamuzejninoc.cz\/pl\/wp-json\/wp\/v2\/comments?post=18"}],"version-history":[{"count":24,"href":"https:\/\/2016.ostravskamuzejninoc.cz\/pl\/wp-json\/wp\/v2\/posts\/18\/revisions"}],"predecessor-version":[{"id":598,"href":"https:\/\/2016.ostravskamuzejninoc.cz\/pl\/wp-json\/wp\/v2\/posts\/18\/revisions\/598"}],"wp:featuredmedia":[{"embeddable":true,"href":"https:\/\/2016.ostravskamuzejninoc.cz\/pl\/wp-json\/wp\/v2\/media\/19"}],"wp:attachment":[{"href":"https:\/\/2016.ostravskamuzejninoc.cz\/pl\/wp-json\/wp\/v2\/media?parent=18"}],"wp:term":[{"taxonomy":"category","embeddable":true,"href":"https:\/\/2016.ostravskamuzejninoc.cz\/pl\/wp-json\/wp\/v2\/categories?post=18"},{"taxonomy":"post_tag","embeddable":true,"href":"https:\/\/2016.ostravskamuzejninoc.cz\/pl\/wp-json\/wp\/v2\/tags?post=18"}],"curies":[{"name":"wp","href":"https:\/\/api.w.org\/{rel}","templated":true}]}}