{"id":367,"date":"2016-05-22T08:05:52","date_gmt":"2016-05-22T07:05:52","guid":{"rendered":"http:\/\/2016.ostravskamuzejninoc.cz\/subdom\/2016\/?p=367"},"modified":"2016-05-26T15:38:10","modified_gmt":"2016-05-26T14:38:10","slug":"stredni-umelecka-skola-ostrava","status":"publish","type":"post","link":"https:\/\/2016.ostravskamuzejninoc.cz\/en\/stredni-umelecka-skola-ostrava\/","title":{"rendered":"Secondary Art School, Ostrava"},"content":{"rendered":"<p><\/p>\n<h1>Secondary Art School, Ostrava<\/h1>\n<h1><img loading=\"lazy\" class=\"alignright\" src=\"https:\/\/2013.ostravskamuzejninoc.cz\/wp-content\/uploads\/2013\/04\/sus_logo.png\" alt=\"sus_logo\" width=\"200\" height=\"100\" \/><\/h1>\n<p>Secondary Art School, Ostrava is a secondary school with a focus on fine arts. The school was founded in 1990 as the first artistically oriented secondary school in the Ostrava region. Its founder is the Moravian-Silesian Region. Within the basic field 82 Art and Applied Arts, the school offers the possibility of a full-time study programme in one of the five fields of education: Applied Photography and Media; Applied Painting; Graphic Design; Ceramics Creation; Formation of Industrial Products \u2013 Industrial Design.<\/p>\n<h5>17.00\u201322.00<\/h5>\n<h3>Sweet Art Something for those little and big!<\/h3>\n<p>SAS, Ostrava celebrates its 25th anniversary and it prepared a garden party for their guests, which will be joined with a selling exposition of students\u2019 artistic pieces.<\/p>\n<p>Workshops, in which everyone can take part: face-painting, spray painting, yard photographer, hand-drawn portraits, design packaging, graphic prints and others will be parts of the celebrations.<\/p>\n<p>A special bonus: bring a plain colour ceramic mug and take a piece of art with you home!<\/p>\n<p>Decorating ceramics and porcelain by your own hands under supervision of skilled potters.<\/p>\n<p>Come and try how fantasy tastes like!<\/p>\n<h5>Contact<\/h5>\n<p>St\u0159edn\u00ed um\u011bleck\u00e1 \u0161kola, Ostrava<br \/>\nPod\u011bbradova 33<br \/>\nMati\u010dn\u00ed 18<br \/>\n702 00 Ostrava<br \/>\nE-mail: <a href=\"mailto:studijni@sus-ostrava.cz\" target=\"_blank\">studijni@sus-ostrava.cz<\/a><br \/>\nWeb: <a href=\"https:\/\/www.sus-ostrava.cz\/\" target=\"_blank\">www.sus-ostrava.cz<\/a><br \/>\nPhone: +420 596 114\u00a0985<\/p>","protected":false},"excerpt":{"rendered":"<p>Secondary Art School, Ostrava Secondary Art School, Ostrava<a class=\"read-more\" href=\"https:\/\/2016.ostravskamuzejninoc.cz\/en\/stredni-umelecka-skola-ostrava\/\">Pokra\u010dovat<\/a><\/p>\n","protected":false},"author":1,"featured_media":369,"comment_status":"closed","ping_status":"closed","sticky":false,"template":"","format":"standard","meta":[],"categories":[2],"tags":[],"_links":{"self":[{"href":"https:\/\/2016.ostravskamuzejninoc.cz\/en\/wp-json\/wp\/v2\/posts\/367"}],"collection":[{"href":"https:\/\/2016.ostravskamuzejninoc.cz\/en\/wp-json\/wp\/v2\/posts"}],"about":[{"href":"https:\/\/2016.ostravskamuzejninoc.cz\/en\/wp-json\/wp\/v2\/types\/post"}],"author":[{"embeddable":true,"href":"https:\/\/2016.ostravskamuzejninoc.cz\/en\/wp-json\/wp\/v2\/users\/1"}],"replies":[{"embeddable":true,"href":"https:\/\/2016.ostravskamuzejninoc.cz\/en\/wp-json\/wp\/v2\/comments?post=367"}],"version-history":[{"count":4,"href":"https:\/\/2016.ostravskamuzejninoc.cz\/en\/wp-json\/wp\/v2\/posts\/367\/revisions"}],"predecessor-version":[{"id":375,"href":"https:\/\/2016.ostravskamuzejninoc.cz\/en\/wp-json\/wp\/v2\/posts\/367\/revisions\/375"}],"wp:featuredmedia":[{"embeddable":true,"href":"https:\/\/2016.ostravskamuzejninoc.cz\/en\/wp-json\/wp\/v2\/media\/369"}],"wp:attachment":[{"href":"https:\/\/2016.ostravskamuzejninoc.cz\/en\/wp-json\/wp\/v2\/media?parent=367"}],"wp:term":[{"taxonomy":"category","embeddable":true,"href":"https:\/\/2016.ostravskamuzejninoc.cz\/en\/wp-json\/wp\/v2\/categories?post=367"},{"taxonomy":"post_tag","embeddable":true,"href":"https:\/\/2016.ostravskamuzejninoc.cz\/en\/wp-json\/wp\/v2\/tags?post=367"}],"curies":[{"name":"wp","href":"https:\/\/api.w.org\/{rel}","templated":true}]}}