{"id":349,"date":"2016-05-22T10:55:35","date_gmt":"2016-05-22T09:55:35","guid":{"rendered":"http:\/\/2016.ostravskamuzejninoc.cz\/subdom\/2016\/?p=349"},"modified":"2016-05-26T15:37:48","modified_gmt":"2016-05-26T14:37:48","slug":"janackova-konzervator-a-gymnazium-v-ostrave","status":"publish","type":"post","link":"https:\/\/2016.ostravskamuzejninoc.cz\/en\/janackova-konzervator-a-gymnazium-v-ostrave\/","title":{"rendered":"Jan\u00e1\u010dek Conservatory and Grammar School"},"content":{"rendered":"<p><\/p>\n<h1>Jan\u00e1\u010dek Conservatory and Grammar School in Ostrava<\/h1>\n<p><img loading=\"lazy\" class=\"alignright\" src=\"https:\/\/2013.ostravskamuzejninoc.cz\/wp-content\/uploads\/2013\/04\/loto_jk_bile.png\" alt=\"loto_jk_bile\" width=\"280\" height=\"127\" \/><\/p>\n<p>Jan\u00e1\u010dek Conservatory and Grammar School in Ostrava was founded in 1953. It is an educational facility that has become a popular cultural and artistic centre of Ostrava for its activities. It is an organizer of a number of artistic projects and activities, which enrich the cultural menu of Ostrava and the whole Moravian-Silesian Region. Through its activity it helps to fulfil the dreams of many talented children.<\/p>\n<h5>17.00\u201317.25<\/h5>\n<h3>Performance by the dance department<\/h3>\n<p>(L. Jan\u00e1\u010dek Hall)<\/p>\n<h5>17.30\u201317.45<\/h5>\n<h3>Performance by Quintet &#8211; strings and a clarinet<\/h3>\n<p>(Foyer)<\/p>\n<h5>17.50\u201318.15<\/h5>\n<h3>Performance by a flute group<\/h3>\n<p>(Foyer)<\/p>\n<h5>18.20\u201318.40<\/h5>\n<h3>Musical and classical melodies<\/h3>\n<p>(Foyer)<\/p>\n<h5>18.45\u201319.00<\/h5>\n<h3>Performance by an accordion group<\/h3>\n<p>(Foyer)<\/p>\n<h5>19.05\u201319.20<\/h5>\n<h3>Performance by students of the drum department<\/h3>\n<p>(Foyer)<\/p>\n<h5>19.30\u201321.00<\/h5>\n<h3>Theatre Performance<\/h3>\n<p>(L. Jan\u00e1\u010dek Hall)<\/p>\n<h5>Contact<\/h5>\n<p>Jan\u00e1\u010dkova konzervato\u0159 a Gymn\u00e1zium v\u00a0Ostrav\u011b<br \/>\nAdresa: \u010ceskobratrsk\u00e1 958\/40, 702 00 Ostrava,<\/p>\n<p>E-mail: <a href=\"mailto:info@jko.cz\">info@jko.cz<\/a><br \/>\nWeb: <a href=\"https:\/\/www.jko.cz\/\" target=\"_blank\">www.jko.cz<\/a><\/p>\n<p>Phone number: +420 596 112\u00a0007<\/p>","protected":false},"excerpt":{"rendered":"<p>Jan\u00e1\u010dek Conservatory and Grammar School in Ostrava Jan\u00e1\u010dek<a class=\"read-more\" href=\"https:\/\/2016.ostravskamuzejninoc.cz\/en\/janackova-konzervator-a-gymnazium-v-ostrave\/\">Pokra\u010dovat<\/a><\/p>\n","protected":false},"author":1,"featured_media":351,"comment_status":"closed","ping_status":"closed","sticky":false,"template":"","format":"standard","meta":[],"categories":[2],"tags":[],"_links":{"self":[{"href":"https:\/\/2016.ostravskamuzejninoc.cz\/en\/wp-json\/wp\/v2\/posts\/349"}],"collection":[{"href":"https:\/\/2016.ostravskamuzejninoc.cz\/en\/wp-json\/wp\/v2\/posts"}],"about":[{"href":"https:\/\/2016.ostravskamuzejninoc.cz\/en\/wp-json\/wp\/v2\/types\/post"}],"author":[{"embeddable":true,"href":"https:\/\/2016.ostravskamuzejninoc.cz\/en\/wp-json\/wp\/v2\/users\/1"}],"replies":[{"embeddable":true,"href":"https:\/\/2016.ostravskamuzejninoc.cz\/en\/wp-json\/wp\/v2\/comments?post=349"}],"version-history":[{"count":6,"href":"https:\/\/2016.ostravskamuzejninoc.cz\/en\/wp-json\/wp\/v2\/posts\/349\/revisions"}],"predecessor-version":[{"id":479,"href":"https:\/\/2016.ostravskamuzejninoc.cz\/en\/wp-json\/wp\/v2\/posts\/349\/revisions\/479"}],"wp:featuredmedia":[{"embeddable":true,"href":"https:\/\/2016.ostravskamuzejninoc.cz\/en\/wp-json\/wp\/v2\/media\/351"}],"wp:attachment":[{"href":"https:\/\/2016.ostravskamuzejninoc.cz\/en\/wp-json\/wp\/v2\/media?parent=349"}],"wp:term":[{"taxonomy":"category","embeddable":true,"href":"https:\/\/2016.ostravskamuzejninoc.cz\/en\/wp-json\/wp\/v2\/categories?post=349"},{"taxonomy":"post_tag","embeddable":true,"href":"https:\/\/2016.ostravskamuzejninoc.cz\/en\/wp-json\/wp\/v2\/tags?post=349"}],"curies":[{"name":"wp","href":"https:\/\/api.w.org\/{rel}","templated":true}]}}